{"id":8633,"date":"2025-11-09T18:52:13","date_gmt":"2025-11-09T17:52:13","guid":{"rendered":"https:\/\/www.wsv-patersdorf.de\/wordpress\/?p=8633"},"modified":"2025-11-09T18:52:13","modified_gmt":"2025-11-09T17:52:13","slug":"%e1%b4%98%e1%b4%80%e1%b4%9b%e1%b4%87%ca%80s%e1%b4%85%e1%b4%8f%ca%80%d2%93%e1%b4%87%ca%80-%e1%b4%a1s%e1%b4%a0%ca%9f%e1%b4%87%ca%80-%ca%99%e1%b4%87%ca%80%e1%b4%87%c9%aa%e1%b4%9b%e1%b4%87%c9%b4-%ca%9f","status":"publish","type":"post","link":"https:\/\/www.wsv-patersdorf.de\/wordpress\/aktuelles\/%e1%b4%98%e1%b4%80%e1%b4%9b%e1%b4%87%ca%80s%e1%b4%85%e1%b4%8f%ca%80%d2%93%e1%b4%87%ca%80-%e1%b4%a1s%e1%b4%a0%ca%9f%e1%b4%87%ca%80-%ca%99%e1%b4%87%ca%80%e1%b4%87%c9%aa%e1%b4%9b%e1%b4%87%c9%b4-%ca%9f\/","title":{"rendered":"\u1d18\u1d00\u1d1b\u1d07\u0280s\u1d05\u1d0f\u0280\u0493\u1d07\u0280 \u1d21s\u1d20\u029f\u1d07\u0280 \u0299\u1d07\u0280\u1d07\u026a\u1d1b\u1d07\u0274 \u029f\u1d0f\u026a\u1d18\u1d07 \u0493\u1d1c\u0308\u0280 \u1d05\u1d07\u0274 \u1d21\u026a\u0274\u1d1b\u1d07\u0280 \u1d20\u1d0f\u0280 &#x26f7;&#xfe0f;"},"content":{"rendered":"\n<p>\u201eWir sind geschickt f\u00fcr den Winter!\u201c \u2013 so lautete die einhellige Meinung der freiwilligen Helfer der nordischen Skiabteilung des Vereins WSV Patersdorf rund um Spartenleiter Matthias Fuchs.<\/p>\n\n\n\n<p>Insgesamt 17 wackere Waldarbeiter versammelten sich mit S\u00e4gen, Astscheren und weiterem Ger\u00e4t bei der WSV-H\u00fctte, um die Langlaufloipen f\u00fcr den kommenden Winter vorzubereiten. Besonders junge Baumtriebe entlang der Wald- und Wiesenwege, st\u00f6rende \u00c4ste und gef\u00e4hrliche Wurzelausl\u00e4ufer wurden sorgf\u00e4ltig entfernt. Hauptziel der Aktion war die Sicherheit der Loipenbenutzer, die durch diese Pflegearbeiten deutlich verbessert wird.<\/p>\n\n\n\n<p>Trotz des herbstlich nebligen und nasskalten Wetters lie\u00dfen sich die Helfer die gute Laune nicht verderben. Die Arbeiten in rund 800 Metern H\u00f6he boten nicht nur k\u00f6rperliche Bet\u00e4tigung an der frischen Luft, sondern auch das gute Gef\u00fchl, gemeinsam etwas f\u00fcr die bevorstehende Langlaufsaison zu leisten.<\/p>\n\n\n\n<p>Besonders erfreulich war, dass sich neben den beiden Ehrenvorsitzenden Karl Fuchs und Heinz Achatz auch ein paar der j\u00fcngsten Vereinsmitglieder tatkr\u00e4ftig beteiligten \u2013 ein sch\u00f6nes Zeichen f\u00fcr den starken generationen\u00fcbergreifenden Zusammenhalt innerhalb des Vereins.<\/p>\n\n\n\n<p>Besonders beliebt ist die Loipe zwischen Sch\u00f6n, Zottling und Himmelwies, die unter Kennern als echter Geheimtipp gilt: Sie verl\u00e4uft nicht ausschlie\u00dflich im Wald, sondern bietet zwischendurch herrliche Panoramablicke \u00fcber den halben Bayerischen Wald.<br>Zuvor war bereits die Gemeinde Patersdorf mit einem Mulchger\u00e4t im Einsatz gewesen, wof\u00fcr sich Spartenleiter Matthias Fuchs herzlich bedankte. \u201eDiese Vorarbeit hat uns sehr viel Arbeit abgenommen\u201c, betonte er.<\/p>\n\n\n\n<p>Als Dankesch\u00f6n gab der Wintersportverein im Anschluss eine kleine Brotzeit f\u00fcr alle Helfer aus. Nun hoffen alle Beteiligten, dass der Winter bald Einzug h\u00e4lt \u2013 idealerweise schon zu den Feiertagen \u2013 damit die Loipen bald wieder in vollem Glanz genutzt werden k\u00f6nnen.<\/p>\n\n\n\n<figure class=\"wp-block-image size-large\"><img loading=\"lazy\" decoding=\"async\" width=\"1024\" height=\"829\" src=\"https:\/\/www.wsv-patersdorf.de\/wordpress\/wp-content\/uploads\/2025\/11\/IMG_8391-1024x829.jpeg\" alt=\"\" class=\"wp-image-8634\" srcset=\"https:\/\/www.wsv-patersdorf.de\/wordpress\/wp-content\/uploads\/2025\/11\/IMG_8391-1024x829.jpeg 1024w, https:\/\/www.wsv-patersdorf.de\/wordpress\/wp-content\/uploads\/2025\/11\/IMG_8391-300x243.jpeg 300w, https:\/\/www.wsv-patersdorf.de\/wordpress\/wp-content\/uploads\/2025\/11\/IMG_8391-768x622.jpeg 768w, https:\/\/www.wsv-patersdorf.de\/wordpress\/wp-content\/uploads\/2025\/11\/IMG_8391.jpeg 1179w\" sizes=\"auto, (max-width: 1024px) 100vw, 1024px\" \/><figcaption class=\"wp-element-caption\">Screenshot<\/figcaption><\/figure>\n\n\n\n<h1 class=\"wp-block-heading\"><\/h1>\n","protected":false},"excerpt":{"rendered":"<p>\u201eWir sind geschickt f\u00fcr den Winter!\u201c \u2013 so lautete die einhellige Meinung der freiwilligen Helfer der nordischen Skiabteilung des Vereins WSV Patersdorf rund um Spartenleiter Matthias Fuchs. Insgesamt 17 wackere Waldarbeiter versammelten sich mit S\u00e4gen, Astscheren und weiterem Ger\u00e4t bei der WSV-H\u00fctte, um die Langlaufloipen f\u00fcr den kommenden Winter vorzubereiten. Besonders junge Baumtriebe entlang der &hellip; <a href=\"https:\/\/www.wsv-patersdorf.de\/wordpress\/aktuelles\/%e1%b4%98%e1%b4%80%e1%b4%9b%e1%b4%87%ca%80s%e1%b4%85%e1%b4%8f%ca%80%d2%93%e1%b4%87%ca%80-%e1%b4%a1s%e1%b4%a0%ca%9f%e1%b4%87%ca%80-%ca%99%e1%b4%87%ca%80%e1%b4%87%c9%aa%e1%b4%9b%e1%b4%87%c9%b4-%ca%9f\/\" class=\"more-link\"><span class=\"screen-reader-text\">\u1d18\u1d00\u1d1b\u1d07\u0280s\u1d05\u1d0f\u0280\u0493\u1d07\u0280 \u1d21s\u1d20\u029f\u1d07\u0280 \u0299\u1d07\u0280\u1d07\u026a\u1d1b\u1d07\u0274 \u029f\u1d0f\u026a\u1d18\u1d07 \u0493\u1d1c\u0308\u0280 \u1d05\u1d07\u0274 \u1d21\u026a\u0274\u1d1b\u1d07\u0280 \u1d20\u1d0f\u0280 &#x26f7;&#xfe0f;<\/span> weiterlesen <span class=\"meta-nav\">&rarr;<\/span><\/a><\/p>\n","protected":false},"author":17,"featured_media":0,"comment_status":"closed","ping_status":"closed","sticky":false,"template":"","format":"standard","meta":{"footnotes":""},"categories":[3],"tags":[],"class_list":["post-8633","post","type-post","status-publish","format-standard","hentry","category-aktuelles"],"_links":{"self":[{"href":"https:\/\/www.wsv-patersdorf.de\/wordpress\/wp-json\/wp\/v2\/posts\/8633","targetHints":{"allow":["GET"]}}],"collection":[{"href":"https:\/\/www.wsv-patersdorf.de\/wordpress\/wp-json\/wp\/v2\/posts"}],"about":[{"href":"https:\/\/www.wsv-patersdorf.de\/wordpress\/wp-json\/wp\/v2\/types\/post"}],"author":[{"embeddable":true,"href":"https:\/\/www.wsv-patersdorf.de\/wordpress\/wp-json\/wp\/v2\/users\/17"}],"replies":[{"embeddable":true,"href":"https:\/\/www.wsv-patersdorf.de\/wordpress\/wp-json\/wp\/v2\/comments?post=8633"}],"version-history":[{"count":1,"href":"https:\/\/www.wsv-patersdorf.de\/wordpress\/wp-json\/wp\/v2\/posts\/8633\/revisions"}],"predecessor-version":[{"id":8635,"href":"https:\/\/www.wsv-patersdorf.de\/wordpress\/wp-json\/wp\/v2\/posts\/8633\/revisions\/8635"}],"wp:attachment":[{"href":"https:\/\/www.wsv-patersdorf.de\/wordpress\/wp-json\/wp\/v2\/media?parent=8633"}],"wp:term":[{"taxonomy":"category","embeddable":true,"href":"https:\/\/www.wsv-patersdorf.de\/wordpress\/wp-json\/wp\/v2\/categories?post=8633"},{"taxonomy":"post_tag","embeddable":true,"href":"https:\/\/www.wsv-patersdorf.de\/wordpress\/wp-json\/wp\/v2\/tags?post=8633"}],"curies":[{"name":"wp","href":"https:\/\/api.w.org\/{rel}","templated":true}]}}