{"id":8611,"date":"2025-10-31T06:44:21","date_gmt":"2025-10-31T05:44:21","guid":{"rendered":"https:\/\/www.wsv-patersdorf.de\/wordpress\/?p=8611"},"modified":"2025-10-31T06:44:21","modified_gmt":"2025-10-31T05:44:21","slug":"%e1%b4%a1%c9%aa%ca%80%ca%99%e1%b4%87%ca%9fs%e1%b4%80%cc%88%e1%b4%9c%ca%9f%e1%b4%87%c9%b4%c9%a2%ca%8f%e1%b4%8d%c9%b4%e1%b4%80s%e1%b4%9b%c9%aa%e1%b4%8b-%d2%93%e1%b4%9c%cc%88%ca%80-%e1%b4%8a%e1%b4%9c","status":"publish","type":"post","link":"https:\/\/www.wsv-patersdorf.de\/wordpress\/aktuelles\/%e1%b4%a1%c9%aa%ca%80%ca%99%e1%b4%87%ca%9fs%e1%b4%80%cc%88%e1%b4%9c%ca%9f%e1%b4%87%c9%b4%c9%a2%ca%8f%e1%b4%8d%c9%b4%e1%b4%80s%e1%b4%9b%c9%aa%e1%b4%8b-%d2%93%e1%b4%9c%cc%88%ca%80-%e1%b4%8a%e1%b4%9c\/","title":{"rendered":"\u1d21\u026a\u0280\u0299\u1d07\u029fs\u1d00\u0308\u1d1c\u029f\u1d07\u0274\u0262\u028f\u1d0d\u0274\u1d00s\u1d1b\u026a\u1d0b \u0493\u1d1c\u0308\u0280 \u1d0a\u1d1c\u0274\u0262 \u1d1c\u0274\u1d05 \u1d00\u029f\u1d1b &#x1f331;"},"content":{"rendered":"\n<p>Wir starten n\u00e4chste Woche Mittwoch, am 05.11.2025 mit unserer Wirbels\u00e4ulengymnastik in der Mehrzweckturnhalle in Patersdorf.<\/p>\n\n\n\n<p>Die Wirbels\u00e4ulengymnastik ist f\u00fcr jung und alt gedacht.<\/p>\n\n\n\n<p>Die Termine f\u00fcr die Wirbels\u00e4ulengymnastik sind nachfolgende:<\/p>\n\n\n\n<p>Mittwoch, 05.11.2025 &#8211; 17:30 &#8211; 18:30 Uhr<br>Mittwoch, 12.11.2025 &#8211; 17:30 &#8211; 18:30 Uhr<br>Mittwoch, 19.11.2025 &#8211; 17:30 &#8211; 18:30 Uhr<br>Mittwoch, 26.11.2025 &#8211; 17:30 &#8211; 18:30 Uhr<\/p>\n\n\n\n<h1 class=\"wp-block-heading\"><\/h1>\n","protected":false},"excerpt":{"rendered":"<p>Wir starten n\u00e4chste Woche Mittwoch, am 05.11.2025 mit unserer Wirbels\u00e4ulengymnastik in der Mehrzweckturnhalle in Patersdorf. Die Wirbels\u00e4ulengymnastik ist f\u00fcr jung und alt gedacht. Die Termine f\u00fcr die Wirbels\u00e4ulengymnastik sind nachfolgende: Mittwoch, 05.11.2025 &#8211; 17:30 &#8211; 18:30 UhrMittwoch, 12.11.2025 &#8211; 17:30 &#8211; 18:30 UhrMittwoch, 19.11.2025 &#8211; 17:30 &#8211; 18:30 UhrMittwoch, 26.11.2025 &#8211; 17:30 &#8211; 18:30 Uhr<\/p>\n","protected":false},"author":17,"featured_media":0,"comment_status":"closed","ping_status":"closed","sticky":false,"template":"","format":"standard","meta":{"footnotes":""},"categories":[3],"tags":[],"class_list":["post-8611","post","type-post","status-publish","format-standard","hentry","category-aktuelles"],"_links":{"self":[{"href":"https:\/\/www.wsv-patersdorf.de\/wordpress\/wp-json\/wp\/v2\/posts\/8611","targetHints":{"allow":["GET"]}}],"collection":[{"href":"https:\/\/www.wsv-patersdorf.de\/wordpress\/wp-json\/wp\/v2\/posts"}],"about":[{"href":"https:\/\/www.wsv-patersdorf.de\/wordpress\/wp-json\/wp\/v2\/types\/post"}],"author":[{"embeddable":true,"href":"https:\/\/www.wsv-patersdorf.de\/wordpress\/wp-json\/wp\/v2\/users\/17"}],"replies":[{"embeddable":true,"href":"https:\/\/www.wsv-patersdorf.de\/wordpress\/wp-json\/wp\/v2\/comments?post=8611"}],"version-history":[{"count":1,"href":"https:\/\/www.wsv-patersdorf.de\/wordpress\/wp-json\/wp\/v2\/posts\/8611\/revisions"}],"predecessor-version":[{"id":8612,"href":"https:\/\/www.wsv-patersdorf.de\/wordpress\/wp-json\/wp\/v2\/posts\/8611\/revisions\/8612"}],"wp:attachment":[{"href":"https:\/\/www.wsv-patersdorf.de\/wordpress\/wp-json\/wp\/v2\/media?parent=8611"}],"wp:term":[{"taxonomy":"category","embeddable":true,"href":"https:\/\/www.wsv-patersdorf.de\/wordpress\/wp-json\/wp\/v2\/categories?post=8611"},{"taxonomy":"post_tag","embeddable":true,"href":"https:\/\/www.wsv-patersdorf.de\/wordpress\/wp-json\/wp\/v2\/tags?post=8611"}],"curies":[{"name":"wp","href":"https:\/\/api.w.org\/{rel}","templated":true}]}}