{"id":8583,"date":"2025-10-19T19:41:25","date_gmt":"2025-10-19T17:41:25","guid":{"rendered":"https:\/\/www.wsv-patersdorf.de\/wordpress\/?p=8583"},"modified":"2025-10-19T19:41:25","modified_gmt":"2025-10-19T17:41:25","slug":"%e1%b4%a1s%e1%b4%a0-s%e1%b4%9b%e1%b4%87%ca%9f%ca%9f%e1%b4%9b-s%c9%aa%e1%b4%84%ca%9c-%e1%b4%a1%c9%aa%e1%b4%87%e1%b4%85%e1%b4%87%ca%80-%c9%b4%e1%b4%87%e1%b4%9c-%e1%b4%80%e1%b4%9c%d2%93","status":"publish","type":"post","link":"https:\/\/www.wsv-patersdorf.de\/wordpress\/aktuelles\/%e1%b4%a1s%e1%b4%a0-s%e1%b4%9b%e1%b4%87%ca%9f%ca%9f%e1%b4%9b-s%c9%aa%e1%b4%84%ca%9c-%e1%b4%a1%c9%aa%e1%b4%87%e1%b4%85%e1%b4%87%ca%80-%c9%b4%e1%b4%87%e1%b4%9c-%e1%b4%80%e1%b4%9c%d2%93\/","title":{"rendered":"\u1d21s\u1d20 s\u1d1b\u1d07\u029f\u029f\u1d1b s\u026a\u1d04\u029c \u1d21\u026a\u1d07\u1d05\u1d07\u0280 \u0274\u1d07\u1d1c \u1d00\u1d1c\u0493 &#x1f3bf;"},"content":{"rendered":"\n<p>Bei der ordentlichen Generalversammlung des WSV Patersdorf mit Neuwahlen wurde es sogleich auf die Probe gestellt, das neue&nbsp;und vielbeachtete&nbsp;F\u00fchrungskonzept des WSV Patersdorf mit dem mehrk\u00f6pfigen Teamvorstand. Es sollte mehr Flexibilit\u00e4t bringen und Druck f\u00fcr wichtige Funktionstr\u00e4ger des Vereins nehmen und es funktionierte&nbsp;erneut&nbsp;vorbildlich.&nbsp;<\/p>\n\n\n\n<p>Nachdem die eigentlich zust\u00e4ndigen Vorst\u00e4nde Lukas Fischl (beruflich&nbsp;in Brasilien) und Katrin Hagengruber (k\u00fcrzlich Mutter geworden) sowie Georg Vogl (beruflich&nbsp;in China) verhindert waren, \u00fcbernahm kurzerhand Christian Schaffer (Teamvorstand Jugendausschuss) die Vorbereitung und Leitung der wichtigen Versammlung mit mehr als 90 Mitgliedern im vollbesetzten Berggasthof Sch\u00f6n.&nbsp;<\/p>\n\n\n\n<p>Nach der Begr\u00fc\u00dfung der beiden Ehrenvorst\u00e4nde Karl Fuchs und Heinz Achatz, sowie der drei Ehrenmitglieder Richard Kauschinger, Willi Tremmel und Herbert Fuchs sowie 1. B\u00fcrgermeister Adolf Muhr gedachte die Versammlung&nbsp;beim Totengedenken&nbsp;insgesamt 5 wertvollen&nbsp;Mitgliedern.<\/p>\n\n\n\n<p>Schaffer berichtete, dass er von seinen&nbsp;beruflich abwesenden&nbsp;Vorstandkollegen die Unterlagen sowohl kurzfristig aus China und kurz darauf auch aus Brasilien bekam, was zeigt, wie komplex Vereinsarbeit zwischenzeitlich geworden ist. In seinem Jahresbericht ging Schaffer nur mehr auf die herausragenden Winteraktivit\u00e4ten der Skikurse und des Vereinsrennen ein, die zum Kern des WSV Aktivit\u00e4ten geh\u00f6ren. Dass&nbsp;der Verein aber mit den Sommeraktivit\u00e4ten wie das Engagement beim Galaparktag, der Pilates und FitMix Gymnastik, dem Ausflug der Generation 50+, dem Jugend- und Familienwochenende in Unterammergau, dem \u201eaufi&amp;owi\u201c Talk , das Spiel- \u201eSpa\u00df \u2013Bewegung f\u00fcr Kinder\u201c und schlie\u00dflich wieder der traditionellen Skigymnastik&nbsp;aktiv ist zeigt&nbsp;die Ganzjahresaktivit\u00e4ten des zwischenzeitlich auf&nbsp;961&nbsp;Mitglieder angewachsenen Vereins.<\/p>\n\n\n\n<p><\/p>\n\n\n\n<p>Dazu&nbsp;sprach&nbsp;Spartenleiter Leichtathletik &nbsp;Florian Baumgartner&nbsp;vom durchaus gute besuchten Lauftreff und insgesamt&nbsp;sehr&nbsp;guten Ergebnissen&nbsp;der WSV L\u00e4ufer&nbsp;mit&nbsp;dem&nbsp;Wahnsinnslauf&nbsp;von&nbsp;Susanne Zahlauer beim internationalen Ultra Trail am Mont Blanc \u00fcber 174 km und 10.000 H\u00f6henmeter in knapp \u00fcber 26 Stunden. Damit kam sie auf den sensationellen 12 Rang und war damit sogar schneller als der beste deutsche Mann.&nbsp;Bei der Landkreismeisterschaft wolle man im kommenden Jahr wieder st\u00e4rker beteiligt sein.&nbsp;<\/p>\n\n\n\n<p>Schatzmeister G\u00fcnther S\u00fc\u00df gab einen detaillierten Einblick in eine insgesamt doch gesunde Finanzlage des Vereins, obwohl f\u00fcr Verbandsbeitr\u00e4ge, Versicherungen und diversen Geb\u00fchren hohe Ausgaben anfallen die aber durch Zusch\u00fcsse, Veranstaltungen und Mitgliederbeitr\u00e4ge gut kompensiert werden k\u00f6nnen. Die Kassenpr\u00fcfer Marion Leidl und Werner Vaith bescheinigten&nbsp;dem Kassier eine saubere&nbsp;Haushaltsf\u00fchrung, so dass die Entlastung eine Formsache war.&nbsp;<\/p>\n\n\n\n<p>Bei den anschlie\u00dfenden Neuwahlen hatte der Wahlausschuss mit&nbsp;B\u00fcrgermeister Adolf Muhr und den&nbsp;EhrenmitgliedernWilli Tremmel und Herbert Fuchs einen leicht Job,&nbsp;weil alles gut vorbereitet war. Zuvor zeigte sich der B\u00fcrgermeister \u00fcberrascht&nbsp;und lobte, dass der WSV Patersdorf als gr\u00f6\u00dfter Verein der Gemeinde auch im Sommer so aktiv ist und sicherte auch weiterhin die Unterst\u00fctzung der Gemeinde zu.&nbsp;<\/p>\n\n\n\n<p><strong>Ergebnis der Wahlen mit insgesamt 28 Funktionsposten:<\/strong><\/p>\n\n\n\n<p>Teamvorstand: (Organisation) Kathrin Hagengruber,(Finanzen) G\u00fcnther S\u00fc\u00df, (Schriftf\u00fchrer und Marketing) Georg Vogl, (Jugendausschuss) Christian Schaffer,<\/p>\n\n\n\n<p>Funktionen: (Alpin), Christian Biermeier, (Nordisch) Matthias Fuchs, (Leichtathletik) Florian Baumgartner, (Presse) Karolin Fuchs, (H\u00fcttenwart)&nbsp;Klaus Hagengruber&nbsp;(Soziale Medion) Johanna Schneider,&nbsp;(Ger\u00e4tewart) Hans Hagengruber.<\/p>\n\n\n\n<p>Beisitzer: Heinz Achatz, Sophia Schaffer, Helmut Marchl, Richard Kauschinger jun., Karl Fuchs, Sandra Sperl, Uli Stern, Leonhard Bayerer, Caroline S\u00fc\u00df.<\/p>\n\n\n\n<p>Jugendausschuss: Nadine Ziselsberger, Andi Gierlinger, Thomas Pfeffer, Luci Fischer,&nbsp;Daniela Fuchs, Claudia Peter und Michael S\u00fc\u00df<\/p>\n\n\n\n<p>Kassenpr\u00fcfer: Marion Leidl, Werner Vaith<\/p>\n\n\n\n<p>Beim&nbsp;Ausblick auf den kommenden Skiwinter machte Caroline S\u00fc\u00df auf die sehr gut angelaufene Skigymnastik und zus\u00e4tzliche \u00dcbungsleiter aufmerksam. Matthias Fuchs bat um Unterst\u00fctzung bei der Loipenpflege am 8. November. Sophia Schaffer wies auf die notwendigen Skikurse hin und Christian Biermeier verk\u00fcndete, dass die erste Trainingsfahrt am 13. Dez. mit 49 Anmeldungen schon fast ausgebucht ist.&nbsp;Zudem veranstaltet der WSV wieder den Entscheid f\u00fcr die Landkreisschulen. Renntrainer Helmut Marchl motivierte die Rennl\u00e4ufer zum Training, das hoffentlich schon an Weihnachten beginnen k\u00f6nne.<\/p>\n\n\n\n<p>Abschlie\u00dfend lobte Ehrenvorstand Heinz Achatz das junge Vorstandsteam f\u00fcr die gute Arbeit der ersten beiden Jahre und insbesondere Christian Schaffer, der die Generalversammlung sehr routiniert leitete. &nbsp;<\/p>\n\n\n\n<p><strong>Ehrungen:<\/strong><\/p>\n\n\n\n<p>20 Jahre: Jasmin&nbsp;Treml, Gina Liebl, Magdalena Geiger, Michael, Nadja und Celine Kastl,&nbsp;Johannes Strenz, Melanie&nbsp;Bielmeier, Michael Saller, Lena-Sophia Tremmel, Klaus, Selina, Jasmin und Anita Bl\u00fcml, Jana und Maximilian Klement, Matthias und Niklas Adam, Lucas und Lena Wittenzellner.&nbsp;<\/p>\n\n\n\n<p>30 Jahre:<\/p>\n\n\n\n<p>Hermann Fischer, Fabian Kauschinger, Johann Kilger, Andras Kraus, Andreas und Martina Kronschnabl, Anja Stadler, Peter Vogl, Michael Ziselsberger, Carolin und Josef Kraus, David, Karin und Laura&nbsp;Wittenzellner, Lisa-Maria Tremmel, Johannes, Karin und Norbert Ernst, Andrea Wittenzellner&nbsp;<\/p>\n\n\n\n<p>40 Jahre mit Ehrennadel in Gold mit Zahl<\/p>\n\n\n\n<p>Helmut Geiger, Karl-Heinz&nbsp;Kauer, August Menzel, Josef Moser, Marco Tremmel, Anna Wilhelm, Andrea Mandl, Johanna&nbsp;und Matthias Fuchs, Marina Ernst, Josef sen. und Josef jun. Seidl, Thomas Achatz, Bernd Raith, Silke Seidl, Michael Vaith.<\/p>\n\n\n\n<figure class=\"wp-block-image size-large\"><img loading=\"lazy\" decoding=\"async\" width=\"1024\" height=\"737\" src=\"https:\/\/www.wsv-patersdorf.de\/wordpress\/wp-content\/uploads\/2025\/10\/2F73CE98-1C9B-4D98-ACBF-728808DBD791-1024x737.jpeg\" alt=\"\" class=\"wp-image-8584\" srcset=\"https:\/\/www.wsv-patersdorf.de\/wordpress\/wp-content\/uploads\/2025\/10\/2F73CE98-1C9B-4D98-ACBF-728808DBD791-1024x737.jpeg 1024w, https:\/\/www.wsv-patersdorf.de\/wordpress\/wp-content\/uploads\/2025\/10\/2F73CE98-1C9B-4D98-ACBF-728808DBD791-300x216.jpeg 300w, https:\/\/www.wsv-patersdorf.de\/wordpress\/wp-content\/uploads\/2025\/10\/2F73CE98-1C9B-4D98-ACBF-728808DBD791-768x552.jpeg 768w, https:\/\/www.wsv-patersdorf.de\/wordpress\/wp-content\/uploads\/2025\/10\/2F73CE98-1C9B-4D98-ACBF-728808DBD791.jpeg 1179w\" sizes=\"auto, (max-width: 1024px) 100vw, 1024px\" \/><\/figure>\n\n\n\n<h1 class=\"wp-block-heading\"><\/h1>\n\n\n\n<figure class=\"wp-block-image size-large\"><img loading=\"lazy\" decoding=\"async\" width=\"1024\" height=\"693\" src=\"https:\/\/www.wsv-patersdorf.de\/wordpress\/wp-content\/uploads\/2025\/10\/C6828294-824F-4550-AC9A-3569EC388E9F-1024x693.jpeg\" alt=\"\" class=\"wp-image-8585\" srcset=\"https:\/\/www.wsv-patersdorf.de\/wordpress\/wp-content\/uploads\/2025\/10\/C6828294-824F-4550-AC9A-3569EC388E9F-1024x693.jpeg 1024w, https:\/\/www.wsv-patersdorf.de\/wordpress\/wp-content\/uploads\/2025\/10\/C6828294-824F-4550-AC9A-3569EC388E9F-300x203.jpeg 300w, https:\/\/www.wsv-patersdorf.de\/wordpress\/wp-content\/uploads\/2025\/10\/C6828294-824F-4550-AC9A-3569EC388E9F-768x520.jpeg 768w, https:\/\/www.wsv-patersdorf.de\/wordpress\/wp-content\/uploads\/2025\/10\/C6828294-824F-4550-AC9A-3569EC388E9F.jpeg 1179w\" sizes=\"auto, (max-width: 1024px) 100vw, 1024px\" \/><\/figure>\n","protected":false},"excerpt":{"rendered":"<p>Bei der ordentlichen Generalversammlung des WSV Patersdorf mit Neuwahlen wurde es sogleich auf die Probe gestellt, das neue&nbsp;und vielbeachtete&nbsp;F\u00fchrungskonzept des WSV Patersdorf mit dem mehrk\u00f6pfigen Teamvorstand. Es sollte mehr Flexibilit\u00e4t bringen und Druck f\u00fcr wichtige Funktionstr\u00e4ger des Vereins nehmen und es funktionierte&nbsp;erneut&nbsp;vorbildlich.&nbsp; Nachdem die eigentlich zust\u00e4ndigen Vorst\u00e4nde Lukas Fischl (beruflich&nbsp;in Brasilien) und Katrin Hagengruber (k\u00fcrzlich &hellip; <a href=\"https:\/\/www.wsv-patersdorf.de\/wordpress\/aktuelles\/%e1%b4%a1s%e1%b4%a0-s%e1%b4%9b%e1%b4%87%ca%9f%ca%9f%e1%b4%9b-s%c9%aa%e1%b4%84%ca%9c-%e1%b4%a1%c9%aa%e1%b4%87%e1%b4%85%e1%b4%87%ca%80-%c9%b4%e1%b4%87%e1%b4%9c-%e1%b4%80%e1%b4%9c%d2%93\/\" class=\"more-link\"><span class=\"screen-reader-text\">\u1d21s\u1d20 s\u1d1b\u1d07\u029f\u029f\u1d1b s\u026a\u1d04\u029c \u1d21\u026a\u1d07\u1d05\u1d07\u0280 \u0274\u1d07\u1d1c \u1d00\u1d1c\u0493 &#x1f3bf;<\/span> weiterlesen <span class=\"meta-nav\">&rarr;<\/span><\/a><\/p>\n","protected":false},"author":17,"featured_media":0,"comment_status":"closed","ping_status":"closed","sticky":false,"template":"","format":"standard","meta":{"footnotes":""},"categories":[3],"tags":[],"class_list":["post-8583","post","type-post","status-publish","format-standard","hentry","category-aktuelles"],"_links":{"self":[{"href":"https:\/\/www.wsv-patersdorf.de\/wordpress\/wp-json\/wp\/v2\/posts\/8583","targetHints":{"allow":["GET"]}}],"collection":[{"href":"https:\/\/www.wsv-patersdorf.de\/wordpress\/wp-json\/wp\/v2\/posts"}],"about":[{"href":"https:\/\/www.wsv-patersdorf.de\/wordpress\/wp-json\/wp\/v2\/types\/post"}],"author":[{"embeddable":true,"href":"https:\/\/www.wsv-patersdorf.de\/wordpress\/wp-json\/wp\/v2\/users\/17"}],"replies":[{"embeddable":true,"href":"https:\/\/www.wsv-patersdorf.de\/wordpress\/wp-json\/wp\/v2\/comments?post=8583"}],"version-history":[{"count":2,"href":"https:\/\/www.wsv-patersdorf.de\/wordpress\/wp-json\/wp\/v2\/posts\/8583\/revisions"}],"predecessor-version":[{"id":8587,"href":"https:\/\/www.wsv-patersdorf.de\/wordpress\/wp-json\/wp\/v2\/posts\/8583\/revisions\/8587"}],"wp:attachment":[{"href":"https:\/\/www.wsv-patersdorf.de\/wordpress\/wp-json\/wp\/v2\/media?parent=8583"}],"wp:term":[{"taxonomy":"category","embeddable":true,"href":"https:\/\/www.wsv-patersdorf.de\/wordpress\/wp-json\/wp\/v2\/categories?post=8583"},{"taxonomy":"post_tag","embeddable":true,"href":"https:\/\/www.wsv-patersdorf.de\/wordpress\/wp-json\/wp\/v2\/tags?post=8583"}],"curies":[{"name":"wp","href":"https:\/\/api.w.org\/{rel}","templated":true}]}}