{"id":8562,"date":"2025-10-12T20:11:05","date_gmt":"2025-10-12T18:11:05","guid":{"rendered":"https:\/\/www.wsv-patersdorf.de\/wordpress\/?p=8562"},"modified":"2025-10-12T20:11:05","modified_gmt":"2025-10-12T18:11:05","slug":"%c9%a2%e1%b4%87%c9%b4%e1%b4%87%ca%80%e1%b4%80%ca%9f%e1%b4%a0%e1%b4%87%ca%80s%e1%b4%80%e1%b4%8d%e1%b4%8d%ca%9f%e1%b4%9c%c9%b4%c9%a2-%e1%b4%80%e1%b4%8d-%e1%b4%8b%e1%b4%8f%e1%b4%8d%e1%b4%8d%e1%b4%87","status":"publish","type":"post","link":"https:\/\/www.wsv-patersdorf.de\/wordpress\/aktuelles\/%c9%a2%e1%b4%87%c9%b4%e1%b4%87%ca%80%e1%b4%80%ca%9f%e1%b4%a0%e1%b4%87%ca%80s%e1%b4%80%e1%b4%8d%e1%b4%8d%ca%9f%e1%b4%9c%c9%b4%c9%a2-%e1%b4%80%e1%b4%8d-%e1%b4%8b%e1%b4%8f%e1%b4%8d%e1%b4%8d%e1%b4%87\/","title":{"rendered":"\u0262\u1d07\u0274\u1d07\u0280\u1d00\u029f\u1d20\u1d07\u0280s\u1d00\u1d0d\u1d0d\u029f\u1d1c\u0274\u0262 \u1d00\u1d0d \u1d0b\u1d0f\u1d0d\u1d0d\u1d07\u0274\u1d05\u1d07\u0274 \u0493\u0280\u1d07\u026a\u1d1b\u1d00\u0262 &#x1f3a4;"},"content":{"rendered":"\n<p>Der WSV Patersdorf ist mit \u00fcber 900 Mitgliedern der gr\u00f6\u00dfte Verein der Gemeinde Patersdorf. In diesem Jahre sind neben der Generalsversammlung auch die satzungsm\u00e4\u00dfigen Neuwahlen f\u00e4llig.<\/p>\n\n\n\n<p>Diese findet am kommenden Freitag, 17. Oktober ab 18.30 Uhr, im Vereinslokal dem Berggasthof Sch\u00f6n der Familie Schroll statt.<\/p>\n\n\n\n<p>Auf der Tagesordnung stehen der Jahresbericht aus der Saison 2024 \/ 2025 sowie die Berichte aus den Sparten Alpin, Nordisch und Leichtathletik. Nach den Berichten von Hauptkassier und Kassenpr\u00fcfer stehen und die Aussprache zu den Berichten an.<\/p>\n\n\n\n<p>Nach der Entlastung der Vorstandschaft sind Ehrungen langj\u00e4hriger Mitglieder vorgesehen.<\/p>\n\n\n\n<p>Als H\u00f6hepunkt gelten die Neuwahlen der kompletten Vorstandschaft und der Funktionstr\u00e4ger. Ein Ausblick auf die kommende Wintersaison sowie W\u00fcnsche und Antr\u00e4ge sollen die Versammlung beschlie\u00dfen.<\/p>\n\n\n\n<p>Zudem ist ab der Generalversammlung die Anmeldung f\u00fcr die 1. Trainingsfahrt m\u00f6glich.<\/p>\n\n\n\n<h1 class=\"wp-block-heading\"><\/h1>\n","protected":false},"excerpt":{"rendered":"<p>Der WSV Patersdorf ist mit \u00fcber 900 Mitgliedern der gr\u00f6\u00dfte Verein der Gemeinde Patersdorf. In diesem Jahre sind neben der Generalsversammlung auch die satzungsm\u00e4\u00dfigen Neuwahlen f\u00e4llig. Diese findet am kommenden Freitag, 17. Oktober ab 18.30 Uhr, im Vereinslokal dem Berggasthof Sch\u00f6n der Familie Schroll statt. Auf der Tagesordnung stehen der Jahresbericht aus der Saison 2024 &hellip; <a href=\"https:\/\/www.wsv-patersdorf.de\/wordpress\/aktuelles\/%c9%a2%e1%b4%87%c9%b4%e1%b4%87%ca%80%e1%b4%80%ca%9f%e1%b4%a0%e1%b4%87%ca%80s%e1%b4%80%e1%b4%8d%e1%b4%8d%ca%9f%e1%b4%9c%c9%b4%c9%a2-%e1%b4%80%e1%b4%8d-%e1%b4%8b%e1%b4%8f%e1%b4%8d%e1%b4%8d%e1%b4%87\/\" class=\"more-link\"><span class=\"screen-reader-text\">\u0262\u1d07\u0274\u1d07\u0280\u1d00\u029f\u1d20\u1d07\u0280s\u1d00\u1d0d\u1d0d\u029f\u1d1c\u0274\u0262 \u1d00\u1d0d \u1d0b\u1d0f\u1d0d\u1d0d\u1d07\u0274\u1d05\u1d07\u0274 \u0493\u0280\u1d07\u026a\u1d1b\u1d00\u0262 &#x1f3a4;<\/span> weiterlesen <span class=\"meta-nav\">&rarr;<\/span><\/a><\/p>\n","protected":false},"author":17,"featured_media":0,"comment_status":"closed","ping_status":"closed","sticky":false,"template":"","format":"standard","meta":{"footnotes":""},"categories":[3],"tags":[],"class_list":["post-8562","post","type-post","status-publish","format-standard","hentry","category-aktuelles"],"_links":{"self":[{"href":"https:\/\/www.wsv-patersdorf.de\/wordpress\/wp-json\/wp\/v2\/posts\/8562","targetHints":{"allow":["GET"]}}],"collection":[{"href":"https:\/\/www.wsv-patersdorf.de\/wordpress\/wp-json\/wp\/v2\/posts"}],"about":[{"href":"https:\/\/www.wsv-patersdorf.de\/wordpress\/wp-json\/wp\/v2\/types\/post"}],"author":[{"embeddable":true,"href":"https:\/\/www.wsv-patersdorf.de\/wordpress\/wp-json\/wp\/v2\/users\/17"}],"replies":[{"embeddable":true,"href":"https:\/\/www.wsv-patersdorf.de\/wordpress\/wp-json\/wp\/v2\/comments?post=8562"}],"version-history":[{"count":1,"href":"https:\/\/www.wsv-patersdorf.de\/wordpress\/wp-json\/wp\/v2\/posts\/8562\/revisions"}],"predecessor-version":[{"id":8563,"href":"https:\/\/www.wsv-patersdorf.de\/wordpress\/wp-json\/wp\/v2\/posts\/8562\/revisions\/8563"}],"wp:attachment":[{"href":"https:\/\/www.wsv-patersdorf.de\/wordpress\/wp-json\/wp\/v2\/media?parent=8562"}],"wp:term":[{"taxonomy":"category","embeddable":true,"href":"https:\/\/www.wsv-patersdorf.de\/wordpress\/wp-json\/wp\/v2\/categories?post=8562"},{"taxonomy":"post_tag","embeddable":true,"href":"https:\/\/www.wsv-patersdorf.de\/wordpress\/wp-json\/wp\/v2\/tags?post=8562"}],"curies":[{"name":"wp","href":"https:\/\/api.w.org\/{rel}","templated":true}]}}