{"id":8549,"date":"2025-09-29T18:40:59","date_gmt":"2025-09-29T16:40:59","guid":{"rendered":"https:\/\/www.wsv-patersdorf.de\/wordpress\/?p=8549"},"modified":"2025-10-04T13:05:44","modified_gmt":"2025-10-04T11:05:44","slug":"%ca%9c%e1%b4%87%ca%80%ca%99s%e1%b4%9b%e1%b4%a1%e1%b4%80%c9%b4%e1%b4%85%e1%b4%87%ca%80%e1%b4%9c%c9%b4%c9%a2-%f0%9f%8d%81","status":"publish","type":"post","link":"https:\/\/www.wsv-patersdorf.de\/wordpress\/aktuelles\/%ca%9c%e1%b4%87%ca%80%ca%99s%e1%b4%9b%e1%b4%a1%e1%b4%80%c9%b4%e1%b4%85%e1%b4%87%ca%80%e1%b4%9c%c9%b4%c9%a2-%f0%9f%8d%81\/","title":{"rendered":"\u1d00\u0299\u0262\u1d07s\u1d00\u0262\u1d1b \u1d00\u1d1c\u0493 \u0262\u0280\u1d1c\u0274\u1d05 \u1d05\u1d07\u0280 \u1d21\u026a\u1d1b\u1d1b\u1d07\u0280\u1d1c\u0274\u0262 &#8211; \u029c\u1d07\u0280\u0299s\u1d1b\u1d21\u1d00\u0274\u1d05\u1d07\u0280\u1d1c\u0274\u0262 &#x1f341;"},"content":{"rendered":"\n<p><\/p>\n\n\n\n<p>Von Kalteck \u00fcber den Klausenstein nach Grandsberg<\/p>\n\n\n\n<p>Die Wanderfreunde des WSV Patersdorf brechen am kommenden Sonntag, 5. Oktober 2025, wieder zu ihrer traditionellen Herbstwanderung auf.<\/p>\n\n\n\n<p>Ziel ist diesmal die Bergh\u00fctte der Familie Menauer in Grandsberg. Zun\u00e4chst trifft man sich um 09.00 Uhr beim Parkplatz in der N\u00e4he des Feuerwehrhauses, um dann in Fahrgemeinschaften zum Parkplatz Kalteck zu gelangen.<\/p>\n\n\n\n<p>Von hier aus geht es auf einem gut ausgebauten Wanderweg aufw\u00e4rts \u00fcber den Rauhen Kulm zum Klausenstein. Nach einer kurzen Pause geht es in Richtung Hirschenstein weiter, bis man den reizvollen M\u00fchlgrabenweg erreicht hat.<\/p>\n\n\n\n<p>Diesem Wanderweg folgt man dann in westliche Richtung und erreicht \u00fcber den Schufleckt und die Fortdiensth\u00fctte den Berggasthof Menauer, wo Pl\u00e4tze zu Mittagessen reserviert sind. F\u00fcr die einfache Wegstrecke d\u00fcrften in gem\u00fctlichem Tempo gut 2 Stunden eingeplant werden. Nach der gemeinsamen St\u00e4rkung wird der R\u00fcckweg angetreten.<\/p>\n\n\n\n<p>Auch Nichtmitglieder sind dazu eingeladen.<\/p>\n\n\n\n<h1 class=\"wp-block-heading\"><\/h1>\n","protected":false},"excerpt":{"rendered":"<p>Von Kalteck \u00fcber den Klausenstein nach Grandsberg Die Wanderfreunde des WSV Patersdorf brechen am kommenden Sonntag, 5. Oktober 2025, wieder zu ihrer traditionellen Herbstwanderung auf. Ziel ist diesmal die Bergh\u00fctte der Familie Menauer in Grandsberg. Zun\u00e4chst trifft man sich um 09.00 Uhr beim Parkplatz in der N\u00e4he des Feuerwehrhauses, um dann in Fahrgemeinschaften zum Parkplatz &hellip; <a href=\"https:\/\/www.wsv-patersdorf.de\/wordpress\/aktuelles\/%ca%9c%e1%b4%87%ca%80%ca%99s%e1%b4%9b%e1%b4%a1%e1%b4%80%c9%b4%e1%b4%85%e1%b4%87%ca%80%e1%b4%9c%c9%b4%c9%a2-%f0%9f%8d%81\/\" class=\"more-link\"><span class=\"screen-reader-text\">\u1d00\u0299\u0262\u1d07s\u1d00\u0262\u1d1b \u1d00\u1d1c\u0493 \u0262\u0280\u1d1c\u0274\u1d05 \u1d05\u1d07\u0280 \u1d21\u026a\u1d1b\u1d1b\u1d07\u0280\u1d1c\u0274\u0262 &#8211; \u029c\u1d07\u0280\u0299s\u1d1b\u1d21\u1d00\u0274\u1d05\u1d07\u0280\u1d1c\u0274\u0262 &#x1f341;<\/span> weiterlesen <span class=\"meta-nav\">&rarr;<\/span><\/a><\/p>\n","protected":false},"author":17,"featured_media":0,"comment_status":"closed","ping_status":"closed","sticky":false,"template":"","format":"standard","meta":{"footnotes":""},"categories":[3],"tags":[],"class_list":["post-8549","post","type-post","status-publish","format-standard","hentry","category-aktuelles"],"_links":{"self":[{"href":"https:\/\/www.wsv-patersdorf.de\/wordpress\/wp-json\/wp\/v2\/posts\/8549","targetHints":{"allow":["GET"]}}],"collection":[{"href":"https:\/\/www.wsv-patersdorf.de\/wordpress\/wp-json\/wp\/v2\/posts"}],"about":[{"href":"https:\/\/www.wsv-patersdorf.de\/wordpress\/wp-json\/wp\/v2\/types\/post"}],"author":[{"embeddable":true,"href":"https:\/\/www.wsv-patersdorf.de\/wordpress\/wp-json\/wp\/v2\/users\/17"}],"replies":[{"embeddable":true,"href":"https:\/\/www.wsv-patersdorf.de\/wordpress\/wp-json\/wp\/v2\/comments?post=8549"}],"version-history":[{"count":3,"href":"https:\/\/www.wsv-patersdorf.de\/wordpress\/wp-json\/wp\/v2\/posts\/8549\/revisions"}],"predecessor-version":[{"id":8554,"href":"https:\/\/www.wsv-patersdorf.de\/wordpress\/wp-json\/wp\/v2\/posts\/8549\/revisions\/8554"}],"wp:attachment":[{"href":"https:\/\/www.wsv-patersdorf.de\/wordpress\/wp-json\/wp\/v2\/media?parent=8549"}],"wp:term":[{"taxonomy":"category","embeddable":true,"href":"https:\/\/www.wsv-patersdorf.de\/wordpress\/wp-json\/wp\/v2\/categories?post=8549"},{"taxonomy":"post_tag","embeddable":true,"href":"https:\/\/www.wsv-patersdorf.de\/wordpress\/wp-json\/wp\/v2\/tags?post=8549"}],"curies":[{"name":"wp","href":"https:\/\/api.w.org\/{rel}","templated":true}]}}