{"id":8478,"date":"2025-08-05T07:28:18","date_gmt":"2025-08-05T05:28:18","guid":{"rendered":"https:\/\/www.wsv-patersdorf.de\/wordpress\/?p=8478"},"modified":"2025-08-05T07:28:18","modified_gmt":"2025-08-05T05:28:18","slug":"wsv-senioren-auf-den-spuren-eines-olympiasiegers","status":"publish","type":"post","link":"https:\/\/www.wsv-patersdorf.de\/wordpress\/aktuelles\/wsv-senioren-auf-den-spuren-eines-olympiasiegers\/","title":{"rendered":"<strong>WSV Senioren auf den Spuren eines Olympiasiegers<\/strong>"},"content":{"rendered":"\n<p>\u1d21s\u1d20 s\u1d07\u0274\u026a\u1d0f\u0280\u1d07\u0274 \u1d00\u1d1c\u0493 \u1d05\u1d07\u0274 s\u1d18\u1d1c\u0280\u1d07\u0274 \u1d07\u026a\u0274\u1d07s \u1d0f\u029f\u028f\u1d0d\u1d18\u026a\u1d00s\u026a\u1d07\u0262\u1d07\u0280s &#x1f3c5;<\/p>\n\n\n\n<p>Die diesj\u00e4hrige Fahrt f\u00fchrte die WSV-Senioren aus Patersdorf am 19.07.2025 ins bayerische Oberland an den Schliersee und Spitzingsee.<\/p>\n\n\n\n<p>Die Reisegruppe steuerte zun\u00e4chst das Freilichtmuseum des bekannten Skistars Markus Wasmeier unweit des Schliersees an. In einer kurzweiligen F\u00fchrung wurde den Teilnehmern neben Wissen zu den wiederaufgebauten alten Hofstellen auch der Ursprung gewisser umgangssprachlich verwendeter Begrifflichkeiten n\u00e4her gebracht. In am\u00fcsanter Art und Weise erl\u00e4uterten drei F\u00fchrerinnen und F\u00fchrer bei einem Rundgang \u00fcber das Gel\u00e4nde die Hintergr\u00fcnde, woher z.B. die Spr\u00fcche \u201eGeld auf der hohen Kante haben\u201c, eine \u201eFahrt ins Blaue\u201c zu unternehmen oder \u201eden L\u00f6ffel abgeben\u201c stammen. Auch \u00fcber altbayerische Begriffe eines sog. \u201eBodschamperl\u201c (Nachthaferl) konnten sich die Reiseteilnehmer am\u00fcsieren.<\/p>\n\n\n\n<p>Nach der ca. 1-st\u00fcndigen F\u00fchrung fand sich die Reisegruppe auf dem weitl\u00e4ufigen Areal im lauschigen Biergarten des Gasthauses \u201eZum Wofen\u201c ein und genoss dort herrliche Speisen und Brotzeiten. Frisch gest\u00e4rkt ging es anschlie\u00dfend an den unweit gelegenen Spitzingsee auf rund 1091 Meter H\u00f6he, wo die Senioren auf einem ca. 3,5 km Weg den See umrunden konnten und sich anschlie\u00dfend Kaffee und Kuchen in einem der zahlreichen Gastronomiebetriebe schmecken lie\u00dfen.<\/p>\n\n\n\n<p>Andere unternahmen eine kleine Wanderung zur Albert-Link-H\u00fctte im sch\u00f6nen Valepptal oder lie\u00dfen sich mit der Taubensteinbahn auf den gleichnamigen Berggipfel bringen, um dort die Aussicht zu genie\u00dfen.<br>Nach der R\u00fcckkehr in Patersdorf war man sich einig, einen sch\u00f6nen Tag bei bestem Wetter in der Natur der oberbayerischen Berge erlebt zu haben. Bereits auf der Anfahrt im Bus waren die Teilnehmer von zahlreichen Kuchenspenderinnen kulinarisch verw\u00f6hnt worden.<\/p>\n\n\n\n<p>Abschlie\u00dfend bedankte sich die Reisegruppe bei der Vorstandschaft des WSV, insbesondere bei Sandra Sperl, die den Ausflug wieder bestens organisiert hatte und sich fr\u00fchzeitig um alle Details k\u00fcmmerte.<\/p>\n\n\n\n<p>Ein Dank ging auch Busfahrer Rester Hans, der das Fahrzeug gewohnt routiniert steuerte. Die Teilnehmer freuen sich bereits auf eine neue Fahrt im Jahr 2026.<br><img loading=\"lazy\" decoding=\"async\" width=\"150\" height=\"102\" class=\"wp-image-8480\" style=\"width: 150px;\" src=\"https:\/\/www.wsv-patersdorf.de\/wordpress\/wp-content\/uploads\/2025\/08\/CA0175D8-CAC1-4B05-A6C3-42A9B7DDD2CA-1.jpeg\" alt=\"\" srcset=\"https:\/\/www.wsv-patersdorf.de\/wordpress\/wp-content\/uploads\/2025\/08\/CA0175D8-CAC1-4B05-A6C3-42A9B7DDD2CA-1.jpeg 994w, https:\/\/www.wsv-patersdorf.de\/wordpress\/wp-content\/uploads\/2025\/08\/CA0175D8-CAC1-4B05-A6C3-42A9B7DDD2CA-1-300x203.jpeg 300w, https:\/\/www.wsv-patersdorf.de\/wordpress\/wp-content\/uploads\/2025\/08\/CA0175D8-CAC1-4B05-A6C3-42A9B7DDD2CA-1-768x521.jpeg 768w\" sizes=\"auto, (max-width: 150px) 100vw, 150px\" \/><\/p>\n","protected":false},"excerpt":{"rendered":"<p>\u1d21s\u1d20 s\u1d07\u0274\u026a\u1d0f\u0280\u1d07\u0274 \u1d00\u1d1c\u0493 \u1d05\u1d07\u0274 s\u1d18\u1d1c\u0280\u1d07\u0274 \u1d07\u026a\u0274\u1d07s \u1d0f\u029f\u028f\u1d0d\u1d18\u026a\u1d00s\u026a\u1d07\u0262\u1d07\u0280s &#x1f3c5; Die diesj\u00e4hrige Fahrt f\u00fchrte die WSV-Senioren aus Patersdorf am 19.07.2025 ins bayerische Oberland an den Schliersee und Spitzingsee. Die Reisegruppe steuerte zun\u00e4chst das Freilichtmuseum des bekannten Skistars Markus Wasmeier unweit des Schliersees an. In einer kurzweiligen F\u00fchrung wurde den Teilnehmern neben Wissen zu den wiederaufgebauten alten Hofstellen &hellip; <a href=\"https:\/\/www.wsv-patersdorf.de\/wordpress\/aktuelles\/wsv-senioren-auf-den-spuren-eines-olympiasiegers\/\" class=\"more-link\"><span class=\"screen-reader-text\"><strong>WSV Senioren auf den Spuren eines Olympiasiegers<\/strong><\/span> weiterlesen <span class=\"meta-nav\">&rarr;<\/span><\/a><\/p>\n","protected":false},"author":17,"featured_media":0,"comment_status":"closed","ping_status":"closed","sticky":false,"template":"","format":"standard","meta":{"footnotes":""},"categories":[3],"tags":[],"class_list":["post-8478","post","type-post","status-publish","format-standard","hentry","category-aktuelles"],"_links":{"self":[{"href":"https:\/\/www.wsv-patersdorf.de\/wordpress\/wp-json\/wp\/v2\/posts\/8478","targetHints":{"allow":["GET"]}}],"collection":[{"href":"https:\/\/www.wsv-patersdorf.de\/wordpress\/wp-json\/wp\/v2\/posts"}],"about":[{"href":"https:\/\/www.wsv-patersdorf.de\/wordpress\/wp-json\/wp\/v2\/types\/post"}],"author":[{"embeddable":true,"href":"https:\/\/www.wsv-patersdorf.de\/wordpress\/wp-json\/wp\/v2\/users\/17"}],"replies":[{"embeddable":true,"href":"https:\/\/www.wsv-patersdorf.de\/wordpress\/wp-json\/wp\/v2\/comments?post=8478"}],"version-history":[{"count":1,"href":"https:\/\/www.wsv-patersdorf.de\/wordpress\/wp-json\/wp\/v2\/posts\/8478\/revisions"}],"predecessor-version":[{"id":8481,"href":"https:\/\/www.wsv-patersdorf.de\/wordpress\/wp-json\/wp\/v2\/posts\/8478\/revisions\/8481"}],"wp:attachment":[{"href":"https:\/\/www.wsv-patersdorf.de\/wordpress\/wp-json\/wp\/v2\/media?parent=8478"}],"wp:term":[{"taxonomy":"category","embeddable":true,"href":"https:\/\/www.wsv-patersdorf.de\/wordpress\/wp-json\/wp\/v2\/categories?post=8478"},{"taxonomy":"post_tag","embeddable":true,"href":"https:\/\/www.wsv-patersdorf.de\/wordpress\/wp-json\/wp\/v2\/tags?post=8478"}],"curies":[{"name":"wp","href":"https:\/\/api.w.org\/{rel}","templated":true}]}}