{"id":8401,"date":"2025-07-12T09:05:27","date_gmt":"2025-07-12T07:05:27","guid":{"rendered":"https:\/\/www.wsv-patersdorf.de\/wordpress\/?p=8401"},"modified":"2025-07-12T09:05:27","modified_gmt":"2025-07-12T07:05:27","slug":"mit-den-wsv-senioren-zum-schliersee-2","status":"publish","type":"post","link":"https:\/\/www.wsv-patersdorf.de\/wordpress\/aktuelles\/mit-den-wsv-senioren-zum-schliersee-2\/","title":{"rendered":"Mit den WSV Senioren zum Schliersee"},"content":{"rendered":"\n<p><\/p>\n\n\n\n<p>Ausflug der Generation 50+ des WSV Patersdorf am kommenden Samstag, den 19.07.2025. &#x1f68d;<\/p>\n\n\n\n<p>Der WSV Patersdorf l\u00e4dt auch in diesem Jahr wieder seine verdienten Senioren zu einer Tagesfahrt ins bayerische Oberland ein. Nach Krumau, dem Achensee sowie dem Obersalzberg u. Kehlsteinhaus f\u00fchrt die diesj\u00e4hrige Fahrt die Teilnehmer an den Schliersee.<br>Als Erstes geht es zum Freilichtmuseum des ehemaligen Olympiasiegers Markus Wasmeier.<br>Auf einem Areal von rund 60.000 Quadratmetern k\u00f6nnen Museumsbesucher Tradition und<br>Brauchtum erleben. In den alten H\u00f6fen wird geschustert, geschmiedet und Bier wie vor 300<br>Jahren gebraut.<\/p>\n\n\n\n<p>Die Reisegruppe erwartet zun\u00e4chst eine 1-st\u00fcndige F\u00fchrung \u00fcber das von Bergw\u00e4ldern und<br>Wiesen umgebene Gel\u00e4nde bevor zum Mittagessen im Gasthaus \u201eZum Wofen\u201c im Museumsdorf eingekehrt wird. Neben altbayerischen Spezialit\u00e4ten kann dort auch das selbstgebraute Museumsbier probiert werden.<br>Nach dem Mittagessen bringt der Reisebus die WSVler an den nahegelegenen Spitzingsee, wo die M\u00f6glichkeit besteht den See auf einem 3,5 km langen Weg zu umrunden oder in einem, der am Ufer gelegenen Gasth\u00e4user \/ Almen, Kaffee und Kuchen zu genie\u00dfen.<br>Gegen 20:15 Uhr wird die Reisegruppe wieder zur\u00fcck in Patersdorf erwartet.<\/p>\n\n\n\n<p>Restkarten sind noch \u00fcber bei Sandra Sperl (0179 \u2013 23 44 349) zu erfragen.<\/p>\n\n\n\n<h1 class=\"wp-block-heading\"><\/h1>\n","protected":false},"excerpt":{"rendered":"<p>Ausflug der Generation 50+ des WSV Patersdorf am kommenden Samstag, den 19.07.2025. &#x1f68d; Der WSV Patersdorf l\u00e4dt auch in diesem Jahr wieder seine verdienten Senioren zu einer Tagesfahrt ins bayerische Oberland ein. Nach Krumau, dem Achensee sowie dem Obersalzberg u. Kehlsteinhaus f\u00fchrt die diesj\u00e4hrige Fahrt die Teilnehmer an den Schliersee.Als Erstes geht es zum Freilichtmuseum &hellip; <a href=\"https:\/\/www.wsv-patersdorf.de\/wordpress\/aktuelles\/mit-den-wsv-senioren-zum-schliersee-2\/\" class=\"more-link\"><span class=\"screen-reader-text\">Mit den WSV Senioren zum Schliersee<\/span> weiterlesen <span class=\"meta-nav\">&rarr;<\/span><\/a><\/p>\n","protected":false},"author":17,"featured_media":0,"comment_status":"closed","ping_status":"closed","sticky":false,"template":"","format":"standard","meta":{"footnotes":""},"categories":[3],"tags":[],"class_list":["post-8401","post","type-post","status-publish","format-standard","hentry","category-aktuelles"],"_links":{"self":[{"href":"https:\/\/www.wsv-patersdorf.de\/wordpress\/wp-json\/wp\/v2\/posts\/8401","targetHints":{"allow":["GET"]}}],"collection":[{"href":"https:\/\/www.wsv-patersdorf.de\/wordpress\/wp-json\/wp\/v2\/posts"}],"about":[{"href":"https:\/\/www.wsv-patersdorf.de\/wordpress\/wp-json\/wp\/v2\/types\/post"}],"author":[{"embeddable":true,"href":"https:\/\/www.wsv-patersdorf.de\/wordpress\/wp-json\/wp\/v2\/users\/17"}],"replies":[{"embeddable":true,"href":"https:\/\/www.wsv-patersdorf.de\/wordpress\/wp-json\/wp\/v2\/comments?post=8401"}],"version-history":[{"count":2,"href":"https:\/\/www.wsv-patersdorf.de\/wordpress\/wp-json\/wp\/v2\/posts\/8401\/revisions"}],"predecessor-version":[{"id":8403,"href":"https:\/\/www.wsv-patersdorf.de\/wordpress\/wp-json\/wp\/v2\/posts\/8401\/revisions\/8403"}],"wp:attachment":[{"href":"https:\/\/www.wsv-patersdorf.de\/wordpress\/wp-json\/wp\/v2\/media?parent=8401"}],"wp:term":[{"taxonomy":"category","embeddable":true,"href":"https:\/\/www.wsv-patersdorf.de\/wordpress\/wp-json\/wp\/v2\/categories?post=8401"},{"taxonomy":"post_tag","embeddable":true,"href":"https:\/\/www.wsv-patersdorf.de\/wordpress\/wp-json\/wp\/v2\/tags?post=8401"}],"curies":[{"name":"wp","href":"https:\/\/api.w.org\/{rel}","templated":true}]}}