{"id":8343,"date":"2025-05-12T18:40:23","date_gmt":"2025-05-12T16:40:23","guid":{"rendered":"https:\/\/www.wsv-patersdorf.de\/wordpress\/?p=8343"},"modified":"2025-05-12T18:40:23","modified_gmt":"2025-05-12T16:40:23","slug":"mit-den-wsv-senioren-zum-schliersee","status":"publish","type":"post","link":"https:\/\/www.wsv-patersdorf.de\/wordpress\/aktuelles\/mit-den-wsv-senioren-zum-schliersee\/","title":{"rendered":"<strong>Mit den WSV-Senioren zum\u00a0Schliersee<\/strong>"},"content":{"rendered":"\n<p><strong>Nach\u00a0Krumau\u00a0und dem Obersalzberg geht es in diesem Jahr in das Wasmeier Museum<\/strong>.<\/p>\n\n\n\n<p><\/p>\n\n\n\n<p>Der WSV Patersdorf l\u00e4dt auch in diesem Jahr wieder seine verdienten Senioren Genration 50+ zu einer Tagesfahrt\u00a0am 19. Juli 2025\u00a0ins bayerische Oberland ein. Diesmal f\u00fchrt die Fahrt die Teilnehmer an den\u00a0Schliersee. Als Erstes geht es zum Freilichtmuseum des ehemaligen Olympiasiegers Markus Wasmeier. Auf einem Areal von rund 60.000 Quadratmetern k\u00f6nnen Museumsbesucher Tradition und Brauchtum erleben. In den alten H\u00f6fen wird geschustert, geschmiedet und Bier wie vor 300 Jahren gebraut.<\/p>\n\n\n\n<p>Die Reisegruppe erwartet zun\u00e4chst eine 1-st\u00fcndige F\u00fchrung \u00fcber das von Bergw\u00e4ldern und<\/p>\n\n\n\n<p>Wiesen umgebene Gel\u00e4nde bevor zum Mittagessen im Gasthaus \u201eZum\u00a0Wofen\u201c im Museumsdorf eingekehrt wird. Neben altbayerischen Spezialit\u00e4ten kann dort auch das selbstgebraute Museumsbier probiert werden.<\/p>\n\n\n\n<p><\/p>\n\n\n\n<p>Nach dem Mittagessen bringt der Reisebus die\u00a0WSVler\u00a0an den nahegelegenen\u00a0Spitzingsee wo die M\u00f6glichkeit besteht den See auf einem 3,5 km langen Weg zu umrunden oder in einem, der am Ufer gelegenen Gasth\u00e4user \/ Almen, Kaffee und Kuchen zu genie\u00dfen.<\/p>\n\n\n\n<p><\/p>\n\n\n\n<p>Gegen 20:15 Uhr wird die Reisegruppe wieder zur\u00fcck in Patersdorf erwartet.<\/p>\n\n\n\n<p>Die Mitglieder der Generation 50+ k\u00f6nnen sich ab sofort telefonisch bei Sandra Sperl unter 0179 \u2013 23 44 349 anmelden. Ab dem 3. Juni 2025 werden auch Anmeldungen von\u00a0WSVlern au\u00dferhalb der Alterszielgruppe oder auch von Nichtmitgliedern angenommen.<\/p>\n","protected":false},"excerpt":{"rendered":"<p>Nach\u00a0Krumau\u00a0und dem Obersalzberg geht es in diesem Jahr in das Wasmeier Museum. Der WSV Patersdorf l\u00e4dt auch in diesem Jahr wieder seine verdienten Senioren Genration 50+ zu einer Tagesfahrt\u00a0am 19. Juli 2025\u00a0ins bayerische Oberland ein. Diesmal f\u00fchrt die Fahrt die Teilnehmer an den\u00a0Schliersee. Als Erstes geht es zum Freilichtmuseum des ehemaligen Olympiasiegers Markus Wasmeier. Auf &hellip; <a href=\"https:\/\/www.wsv-patersdorf.de\/wordpress\/aktuelles\/mit-den-wsv-senioren-zum-schliersee\/\" class=\"more-link\"><span class=\"screen-reader-text\"><strong>Mit den WSV-Senioren zum\u00a0Schliersee<\/strong><\/span> weiterlesen <span class=\"meta-nav\">&rarr;<\/span><\/a><\/p>\n","protected":false},"author":17,"featured_media":0,"comment_status":"closed","ping_status":"closed","sticky":false,"template":"","format":"standard","meta":{"footnotes":""},"categories":[3],"tags":[],"class_list":["post-8343","post","type-post","status-publish","format-standard","hentry","category-aktuelles"],"_links":{"self":[{"href":"https:\/\/www.wsv-patersdorf.de\/wordpress\/wp-json\/wp\/v2\/posts\/8343","targetHints":{"allow":["GET"]}}],"collection":[{"href":"https:\/\/www.wsv-patersdorf.de\/wordpress\/wp-json\/wp\/v2\/posts"}],"about":[{"href":"https:\/\/www.wsv-patersdorf.de\/wordpress\/wp-json\/wp\/v2\/types\/post"}],"author":[{"embeddable":true,"href":"https:\/\/www.wsv-patersdorf.de\/wordpress\/wp-json\/wp\/v2\/users\/17"}],"replies":[{"embeddable":true,"href":"https:\/\/www.wsv-patersdorf.de\/wordpress\/wp-json\/wp\/v2\/comments?post=8343"}],"version-history":[{"count":1,"href":"https:\/\/www.wsv-patersdorf.de\/wordpress\/wp-json\/wp\/v2\/posts\/8343\/revisions"}],"predecessor-version":[{"id":8344,"href":"https:\/\/www.wsv-patersdorf.de\/wordpress\/wp-json\/wp\/v2\/posts\/8343\/revisions\/8344"}],"wp:attachment":[{"href":"https:\/\/www.wsv-patersdorf.de\/wordpress\/wp-json\/wp\/v2\/media?parent=8343"}],"wp:term":[{"taxonomy":"category","embeddable":true,"href":"https:\/\/www.wsv-patersdorf.de\/wordpress\/wp-json\/wp\/v2\/categories?post=8343"},{"taxonomy":"post_tag","embeddable":true,"href":"https:\/\/www.wsv-patersdorf.de\/wordpress\/wp-json\/wp\/v2\/tags?post=8343"}],"curies":[{"name":"wp","href":"https:\/\/api.w.org\/{rel}","templated":true}]}}