{"id":8339,"date":"2025-05-11T12:42:12","date_gmt":"2025-05-11T10:42:12","guid":{"rendered":"https:\/\/www.wsv-patersdorf.de\/wordpress\/?p=8339"},"modified":"2025-05-11T12:42:12","modified_gmt":"2025-05-11T10:42:12","slug":"abschluss-eines-reichen-winterprogramms","status":"publish","type":"post","link":"https:\/\/www.wsv-patersdorf.de\/wordpress\/aktuelles\/abschluss-eines-reichen-winterprogramms\/","title":{"rendered":"Abschluss eines reichen Winterprogramms"},"content":{"rendered":"\n<p><strong>Bei Saisonabschluss ragten die Kinderskikurse, das Vereinsrennen und Julian Marchl heraus<\/strong><\/p>\n\n\n\n<p>Eine eindrucksvolle Bilanz konnten der Wintersportverein Patersdorf bei seiner Saisonabschlussfeier im Berggasthof Schroll in Sch\u00f6n nochmals Revue passieren lassen. Vorstandsmittglied Lukas Fischl konnte dazu neben\u00a0zahlreichen aktive und passive Mitgliederbesonders Ehrenvorstand Karl Fuchs und die Ehrenmitglieder Richard Kauschinger sen., Willi Tremmel und Herbert Fuchs begr\u00fc\u00dfen. Zum Gedenken an das verstorbene Ehrenmitglied Otto Wei\u00df erhob sich die Versammlung zu einer Gedenkminute.<br><\/p>\n\n\n\n<!--more-->\n\n\n\n<p>Dann oblag es den jeweiligen Organisationsleitern aus ihren Bereichen zu berichten. Matthias Fuchs als Spartenleiter nordisch konnte zwar eine gelungenen Vorbereitungsphase der Loipentrasse vermelden, doch stellte sich auch in diesem Winter in der H\u00f6henlage von ca. 750 m wiederum nicht gen\u00fcgend Schnee ein, so dass nicht einmal eine Schlittenbahn m\u00f6glich war. Die aktiven Langl\u00e4ufer mussten also dauerhaft auf&nbsp;den schneesicheren&nbsp;Bretterschachten ausweichen. Lediglich Michael Seidl schaffte einen Wettkampf beim&nbsp;Skadi&nbsp;Loppet&nbsp;und erzielte dabei in seiner Klasse sogar den 6. Platz.<br>Dank des schneesicheren Riedelberges bei Oberried war dagegen f\u00fcr die Sparte alpin ein sensationelles Hauptprogramm m\u00f6glich. Caroline S\u00fc\u00df und Claudia Peter vermeldete bei den Kinderskikursen insgesamt knapp 140 teilnehmenden Jungskifahrern, die bestens von ausreichend vielen, insbesondere jungen Skilehrern betreut wurden. Damit sei auch k\u00fcnftig f\u00fcr den Unterbau des Vereins gesorgt, so das Res\u00fcmee der beiden. Hinzu kamen die jeweiligen Skilehreraus- und Fortbildungen, die aus finanziellen Gr\u00fcnden k\u00fcnftig wieder mehr in der Heimat absolvierte werden sollten. S\u00fc\u00df zeigte sich auch stolz auf die Saisonvorbereitung durch die gut angenommene Skigymnastik mit regelm\u00e4\u00dfig \u00fcber 100 Teilnehmern in 5 Gruppen.<\/p>\n\n\n\n<p>Zum festen Bestandteil des Patersdorfer&nbsp;Skiwinters&nbsp;geh\u00f6rten wieder die 3 Trainingsfahrten ins Gebirge, von denen Leo&nbsp;Bayerer&nbsp;f\u00fcr den verhinderten Organisator Christian Biermeier berichtet. Alle drei Fahrten waren ausgebucht, so dass man k\u00fcnftig auf einen gr\u00f6\u00dferen Bus umsteigen sollte. Gleiches gilt auch f\u00fcr die Familientrainingsfahrt nach Hochficht. Das Topereignis war aber die Vereinsmeisterschaft als Flutlichtrennen mit 177 Teilnehmern am Riedlberg als gr\u00f6\u00dfte Alpinveranstaltung im gesamten Skiverband, die aus allen Richtungen gr\u00f6\u00dftes Lob erhielt. Hier gilt auch dem Skiliftbetreiber gr\u00f6\u00dftes Lob.&nbsp;<\/p>\n\n\n\n<p>Herausragend pr\u00e4sentieren sich dar\u00fcber hinaus auch die Ergebnisse der Rennmannschaft, die von Helmut Marchl und Hans Hagengruber vorgetragen wurden. Marchl lobte als Trainer den Flei\u00df der jungen Fahrer und Hagengruber verwies voller Stolz, dass der WSV Patersdorf in der Vereinswertung des Skiverbandes unter \u00fcber 60 Vereinen schon auf Platz 5 vorger\u00fcckt sei. Die insgesamt 17 Rennl\u00e4ufer schafften bei 8 Rennen und 10 Trainingseinheiten vom Arber bis&nbsp;Mitterfirmiansreut&nbsp;insgesamt 16&nbsp;Stockerlpl\u00e4tze, was der Verein bisher noch nie schaffte.&nbsp;<\/p>\n\n\n\n<p>Sportliches Aush\u00e4ngeschild ist aber weiterhin Julian Marchl, der in den DSV Nachwuchskader 2 aufger\u00fcckt ist und das Skigymnasium in Berchtesgaden besucht. Bei sage und schreibe 50 FIS Rennen in der letzten Saison gegen internationaler Konkurrenz in Deutschland, \u00d6sterreich, Italien und Tschechien schaffte er 6 Top10 Ergebnisse. Herausragend dabei der Vizemeistertitel in der Abfahrt bei den Deutschen Jugendmeisterschaften auf der&nbsp;Kandahar&nbsp;in Garmisch Partenkirchen. Bei ihm hat schon jetzt Vorbereitung f\u00fcr die neue Saison mit einer Ski Einheiten auf \u00f6sterreichischen und&nbsp;norwegischen Gletschern sowie und Konditionstraining und Krafttraining begonnen.<br>Den weiten Bogen der sportlichen Aktivit\u00e4ten vervollst\u00e4ndigten das Funktionaltraining in der Halle vor Daniela Fuchs, das Kindertraining&nbsp;Fun&amp;Bewegung&nbsp;von Sophia Schaffer und das&nbsp;Pilatestraining&nbsp;von Jana Klement. Sehr gut komme die neue Sozial Media Aktivit\u00e4t an, die unter der Leitung von Lucia Fischer auch einige sehr anschauliche Videos angefertigt und ins Netz eingestellt hat.<\/p>\n\n\n\n<p>Gesellschaftliche H\u00f6hepunkte waren die Wochenversammlungen, der Skiball mit DC Ade, die Beer EM und das Rama&nbsp;dama, wo die Beteiligung eine Ehrensache zum Wohle der Gemeinde sei.<br>Lukas Fischl gab dann auch noch offiziell bekannt, dass der Verein bei der Verleihung des Bayerischen Innovationspreises u.a. eine Summe von 10.000.- Euro erhalten habe, was wieder in die Jugendarbeit gesteckt werde. Dazu konnte der Versammlung der sehr positive Videoclip des Bayerischen&nbsp;Rundfunk&nbsp;\u00fcber den WSV Patersdorf gezeigt werden.&nbsp;<\/p>\n\n\n\n<p>Beim Blick in die Zukunft wurde bekannt gegeben, dass die junge Sophia Schaffer von Caroline S\u00fc\u00df die Organisation der Skikurse und der Skigymnastik \u00fcbernimmt und Spartenleiter Florian Baumgartner gab bekannt, dass der Lauftreff bereits begonnen hat, wo sich auch durchaus Erwachsene mit ihren Kindern beteiligen k\u00f6nnen und wo ein Start auch beim Lauf in Viechtach am 18. Mai eingeplant ist.<\/p>\n\n\n\n<figure class=\"wp-block-image size-large is-resized\"><img loading=\"lazy\" decoding=\"async\" src=\"https:\/\/www.wsv-patersdorf.de\/wordpress\/wp-content\/uploads\/2025\/05\/image-1024x768.jpeg\" alt=\"\" class=\"wp-image-8341\" width=\"768\" height=\"576\" srcset=\"https:\/\/www.wsv-patersdorf.de\/wordpress\/wp-content\/uploads\/2025\/05\/image-1024x768.jpeg 1024w, https:\/\/www.wsv-patersdorf.de\/wordpress\/wp-content\/uploads\/2025\/05\/image-300x225.jpeg 300w, https:\/\/www.wsv-patersdorf.de\/wordpress\/wp-content\/uploads\/2025\/05\/image-768x576.jpeg 768w, https:\/\/www.wsv-patersdorf.de\/wordpress\/wp-content\/uploads\/2025\/05\/image-1536x1152.jpeg 1536w, https:\/\/www.wsv-patersdorf.de\/wordpress\/wp-content\/uploads\/2025\/05\/image.jpeg 2048w\" sizes=\"auto, (max-width: 768px) 100vw, 768px\" \/><\/figure>\n","protected":false},"excerpt":{"rendered":"<p>Bei Saisonabschluss ragten die Kinderskikurse, das Vereinsrennen und Julian Marchl heraus Eine eindrucksvolle Bilanz konnten der Wintersportverein Patersdorf bei seiner Saisonabschlussfeier im Berggasthof Schroll in Sch\u00f6n nochmals Revue passieren lassen. Vorstandsmittglied Lukas Fischl konnte dazu neben\u00a0zahlreichen aktive und passive Mitgliederbesonders Ehrenvorstand Karl Fuchs und die Ehrenmitglieder Richard Kauschinger sen., Willi Tremmel und Herbert Fuchs begr\u00fc\u00dfen. &hellip; <a href=\"https:\/\/www.wsv-patersdorf.de\/wordpress\/aktuelles\/abschluss-eines-reichen-winterprogramms\/\" class=\"more-link\"><span class=\"screen-reader-text\">Abschluss eines reichen Winterprogramms<\/span> weiterlesen <span class=\"meta-nav\">&rarr;<\/span><\/a><\/p>\n","protected":false},"author":2,"featured_media":0,"comment_status":"closed","ping_status":"closed","sticky":false,"template":"","format":"standard","meta":{"footnotes":""},"categories":[3,42],"tags":[],"class_list":["post-8339","post","type-post","status-publish","format-standard","hentry","category-aktuelles","category-presseberichte"],"_links":{"self":[{"href":"https:\/\/www.wsv-patersdorf.de\/wordpress\/wp-json\/wp\/v2\/posts\/8339","targetHints":{"allow":["GET"]}}],"collection":[{"href":"https:\/\/www.wsv-patersdorf.de\/wordpress\/wp-json\/wp\/v2\/posts"}],"about":[{"href":"https:\/\/www.wsv-patersdorf.de\/wordpress\/wp-json\/wp\/v2\/types\/post"}],"author":[{"embeddable":true,"href":"https:\/\/www.wsv-patersdorf.de\/wordpress\/wp-json\/wp\/v2\/users\/2"}],"replies":[{"embeddable":true,"href":"https:\/\/www.wsv-patersdorf.de\/wordpress\/wp-json\/wp\/v2\/comments?post=8339"}],"version-history":[{"count":2,"href":"https:\/\/www.wsv-patersdorf.de\/wordpress\/wp-json\/wp\/v2\/posts\/8339\/revisions"}],"predecessor-version":[{"id":8342,"href":"https:\/\/www.wsv-patersdorf.de\/wordpress\/wp-json\/wp\/v2\/posts\/8339\/revisions\/8342"}],"wp:attachment":[{"href":"https:\/\/www.wsv-patersdorf.de\/wordpress\/wp-json\/wp\/v2\/media?parent=8339"}],"wp:term":[{"taxonomy":"category","embeddable":true,"href":"https:\/\/www.wsv-patersdorf.de\/wordpress\/wp-json\/wp\/v2\/categories?post=8339"},{"taxonomy":"post_tag","embeddable":true,"href":"https:\/\/www.wsv-patersdorf.de\/wordpress\/wp-json\/wp\/v2\/tags?post=8339"}],"curies":[{"name":"wp","href":"https:\/\/api.w.org\/{rel}","templated":true}]}}