{"id":7277,"date":"2022-12-07T19:51:18","date_gmt":"2022-12-07T18:51:18","guid":{"rendered":"http:\/\/www.wsv-patersdorf.de\/wordpress\/?p=7277"},"modified":"2022-12-07T20:29:20","modified_gmt":"2022-12-07T19:29:20","slug":"wsv-patersdorf-blickt-auf-eine-runde-jahresbilanz","status":"publish","type":"post","link":"https:\/\/www.wsv-patersdorf.de\/wordpress\/aktuelles\/wsv-patersdorf-blickt-auf-eine-runde-jahresbilanz\/","title":{"rendered":"WSV Patersdorf blickt auf eine runde Jahresbilanz"},"content":{"rendered":"<p>Nachdem man \u00fcber zwei Jahre pandemiebedingt mehr oder weniger ausgebremst wurde, kann der WSV Patersdorf bei seiner Jahreshauptversammlung doch wieder auf eine durchaus gelungene Jahresbilanz zur\u00fcckschauen. Der Vorsitzende Heinz Achatz konnte dazu im Bergasthof Schroll in Sch\u00f6n \u00fcber 70 Mitglieder begr\u00fc\u00dfen. Sein Gru\u00df galt besonders neben den Vorstandskollegen, dem\u00a0Ehrenvorsitzenden Karl Fuchs und den beiden Ehrenmitglieder Richard Kauschinger sen. und Otto Wei\u00df.<!--more--><\/p>\n<p>In seinem Bericht aus der nordischen Sparte bedauerte Spartenleiter Matthias Fuchs die k\u00e4rgliche Schneelage im vergangen Winter im Langlaufzentrum, so dass an eine Langlaufspur nicht zu denken war, obwohl man dazu erhebliche Vorausleistungen erbrachte. Auch in diesem Jahr wurden wieder erhebliche Trassenleistungen erbracht, so dass von Seiten des Vereins dem Langlaufvergn\u00fcgen in Sch\u00f6n\/Zottling nichts entgegenstehen d\u00fcrfte, wenngleich der Vorsitzende anmerkte, dass sich zur Loipenpflege ruhig der ein oder andere Langlauffreund zus\u00e4tzlich einfinden sollte. Hingewiesen soll aber auch auf die Loipe in Gr\u00fcnbach werden, die mit gro\u00dfer Liebe und Leidenschaft von Willi Tremmel betreut wird. Sportlich, so schloss der Spartenleiter seinen Bericht, war wieder Thomas Achatz das Aush\u00e4ngeschild mit seinem Altersklassensieg beim Skadilopped und bei den bayerischen Seniorenmeisterschaften, sowie einem tollen 3. Platz bei den deutschen Seniorenmeisterschaften.<\/p>\n<p>Seit Jahren die Erfolgsgeschichte des Vereins sind die breit aufgestellten Aktivit\u00e4ten im alpinen Bereich mit Spartenleiter Christian Biermeier an der Spitze, wo alle Kinderskikurse mit gro\u00dfem Erfolg durchgef\u00fchrt werden konnte, aber auch die Erwachsenenkurse eine runde Sache waren. Die Vereinsmeisterschaft als Flutlichtrennen war der Kn\u00fcller mit rekordverd\u00e4chtiger Beteiligung und einmaligem Ambiente. Die alpine Rennmannschaft mit Spitzenl\u00e4ufer Julian Marchl ist eine feste Gr\u00f6\u00dfe im Skiverband und die Trainingsfahrten sind nicht nur kameradschaftliche H\u00f6hepunkte.<\/p>\n<p>Der Bericht von den Leichtathleten wurde von den beiden Spartenleitern Florian Baumgartner und Caroline S\u00fc\u00df vorgetragen, die auch das Jahr \u00fcber mit den Kindern und Jugendlichen den Lauftreff gemeinsam bestritten. Auch einige Wettk\u00e4mpfe konnte man mit guten Erfolgen bestreiten und mit Susanne Zahlauer als Landkreismeisterin hat der Verein eine Spitzenl\u00e4uferin.<\/p>\n<p>Vorstand Heinz Achatz hob schloss den Bogen um die sportlichen Aktivit\u00e4ten mit einem gro\u00dfen Lob an die Skigymnastik f\u00fcr Jung und Alt und die Kindergymnastik mit Jana Klement.<\/p>\n<p>Gesellschaftlich war das Bergfest beliebt in besten Zeiten und verzeichnete einen Rekordbesuch. Sch\u00f6n war dabei auch, dass mit dem Erl\u00f6s der Kr\u00e4uterbuschen eine sinnvolle Spende an die Bergwacht erzielt werden konnte.<\/p>\n<p>Beim Kassenbericht ging Schatzmeister G\u00fcnther S\u00fc\u00df ausschlie\u00dflich auf die gr\u00f6\u00dferen Posten ein und auch, dass \u00fcber 10.000.- Euro f\u00fcr Neuanschaffungen ausgegeben werden mussten. Insgesamt sei aber die Kassenlage des Vereins auf soliden Beinen, was die beiden Kassenpr\u00fcfer Werner Vaith und Marion Leidl best\u00e4tigten und von einer sauberen Kassenf\u00fchrung sprachen, so dass die Entlastung eine Formsache war. Abschlie\u00dfend dankte der Vorsitzende all seinen Helfern in der Vorstandschaft, ganz besonders allen \u00dcbungsleitern, den Grundst\u00fcckseigent\u00fcmern und allen Freunden und G\u00f6nnern, so man nach der Pandemiepause wieder eine runde Jahresbilanz vorweisen k\u00f6nne. \u00a0Diesen Dank f\u00fcr die wertvolle ehrenamtlichen Leistungen gab der Ehrenvorsitzende Karl Fuchs zur\u00fcck, der ihn als Gl\u00fccksfall f\u00fcr den Verein bezeichnete, weil er durch sein Engagement alle mitrei\u00dfe.<\/p>\n<p>&nbsp;<\/p>\n<p>In seinem Ausblick auf die anstehende Wintersaison freut sich der Verein schon auf die Kinderskikurse, wo entgegen dem allgemeinen Trend ihren g\u00fcnstigen Geb\u00fchren beibehalten werden. Ausgeplant sind auch schon wieder drei Trainingsfahrten in attraktive Skigebiete der Alpenregion, die Vereinsmeisterschaft, die wieder als Nachrennen durchgef\u00fchrt werde und f\u00fcr den Skiball konnte wieder DJ Ade gewonnen werden, so dass die Geselligkeit nicht zu kurz komme. Die erste Wochenversammlung findet am Freitag, 16. Dez. 2022, im Berggasthof Zottling statt.<\/p>\n<p>&nbsp;<\/p>\n<p>Ehrungen f\u00fcr langj\u00e4hrige Mitgliedschaft:<\/p>\n<p>10 Jahre: Jonas Klement, Sandra und Matthias Kuhnt, Elias Haimerl, Johanna Sch\u00f6tz, Martin Weindl, Andreas Oberberger und Sebastian Preisser.<\/p>\n<p>&nbsp;<\/p>\n<p>20 Jahre: Maria und Nicole Brunner, Anita, Simon und Stefan Fischl, Johann Raffer, Hannah, Martina, Magdalena und Roland Wiesinger, Rita Wurzer, Alois, Florian, Lydia und Miriam Kopp, Jessica Achatz, Lisa Kuchl und Andreas K\u00f6nig,<\/p>\n<p>&nbsp;<\/p>\n<p>30 Jahre: Stephan Hacker, Josef Hies jun. und sen., Roswitha Kauer, Karl Obermeier, Johann Sattler und Marianne Leidl<\/p>\n<p>&nbsp;<\/p>\n<p>40 Jahre: Birgitt Feuchtwurzer, Georg Tremmel, Uli Stern, Sandra Sperl, Anita Kollmeier und Caroline S\u00fc\u00df<\/p>\n<p>&nbsp;<\/p>\n<p><img loading=\"lazy\" decoding=\"async\" class=\"alignnone size-medium wp-image-7278\" src=\"https:\/\/www.wsv-patersdorf.de\/wordpress\/wp-content\/uploads\/2022\/12\/Jahreshauptversammlung-Nachbericht-Bild-langj\u00e4hrige-Mitglieder.-1-300x225.jpg\" alt=\"\" width=\"300\" height=\"225\" srcset=\"https:\/\/www.wsv-patersdorf.de\/wordpress\/wp-content\/uploads\/2022\/12\/Jahreshauptversammlung-Nachbericht-Bild-langj\u00e4hrige-Mitglieder.-1-300x225.jpg 300w, https:\/\/www.wsv-patersdorf.de\/wordpress\/wp-content\/uploads\/2022\/12\/Jahreshauptversammlung-Nachbericht-Bild-langj\u00e4hrige-Mitglieder.-1-768x576.jpg 768w, https:\/\/www.wsv-patersdorf.de\/wordpress\/wp-content\/uploads\/2022\/12\/Jahreshauptversammlung-Nachbericht-Bild-langj\u00e4hrige-Mitglieder.-1-1024x768.jpg 1024w, https:\/\/www.wsv-patersdorf.de\/wordpress\/wp-content\/uploads\/2022\/12\/Jahreshauptversammlung-Nachbericht-Bild-langj\u00e4hrige-Mitglieder.-1.jpg 2048w\" sizes=\"auto, (max-width: 300px) 100vw, 300px\" \/><\/p>\n","protected":false},"excerpt":{"rendered":"<p>Nachdem man \u00fcber zwei Jahre pandemiebedingt mehr oder weniger ausgebremst wurde, kann der WSV Patersdorf bei seiner Jahreshauptversammlung doch wieder auf eine durchaus gelungene Jahresbilanz zur\u00fcckschauen. Der Vorsitzende Heinz Achatz konnte dazu im Bergasthof Schroll in Sch\u00f6n \u00fcber 70 Mitglieder begr\u00fc\u00dfen. Sein Gru\u00df galt besonders neben den Vorstandskollegen, dem\u00a0Ehrenvorsitzenden Karl Fuchs und den beiden Ehrenmitglieder &hellip; <a href=\"https:\/\/www.wsv-patersdorf.de\/wordpress\/aktuelles\/wsv-patersdorf-blickt-auf-eine-runde-jahresbilanz\/\" class=\"more-link\"><span class=\"screen-reader-text\">WSV Patersdorf blickt auf eine runde Jahresbilanz<\/span> weiterlesen <span class=\"meta-nav\">&rarr;<\/span><\/a><\/p>\n","protected":false},"author":17,"featured_media":0,"comment_status":"closed","ping_status":"closed","sticky":false,"template":"","format":"standard","meta":{"footnotes":""},"categories":[3,42],"tags":[],"class_list":["post-7277","post","type-post","status-publish","format-standard","hentry","category-aktuelles","category-presseberichte"],"_links":{"self":[{"href":"https:\/\/www.wsv-patersdorf.de\/wordpress\/wp-json\/wp\/v2\/posts\/7277","targetHints":{"allow":["GET"]}}],"collection":[{"href":"https:\/\/www.wsv-patersdorf.de\/wordpress\/wp-json\/wp\/v2\/posts"}],"about":[{"href":"https:\/\/www.wsv-patersdorf.de\/wordpress\/wp-json\/wp\/v2\/types\/post"}],"author":[{"embeddable":true,"href":"https:\/\/www.wsv-patersdorf.de\/wordpress\/wp-json\/wp\/v2\/users\/17"}],"replies":[{"embeddable":true,"href":"https:\/\/www.wsv-patersdorf.de\/wordpress\/wp-json\/wp\/v2\/comments?post=7277"}],"version-history":[{"count":2,"href":"https:\/\/www.wsv-patersdorf.de\/wordpress\/wp-json\/wp\/v2\/posts\/7277\/revisions"}],"predecessor-version":[{"id":7283,"href":"https:\/\/www.wsv-patersdorf.de\/wordpress\/wp-json\/wp\/v2\/posts\/7277\/revisions\/7283"}],"wp:attachment":[{"href":"https:\/\/www.wsv-patersdorf.de\/wordpress\/wp-json\/wp\/v2\/media?parent=7277"}],"wp:term":[{"taxonomy":"category","embeddable":true,"href":"https:\/\/www.wsv-patersdorf.de\/wordpress\/wp-json\/wp\/v2\/categories?post=7277"},{"taxonomy":"post_tag","embeddable":true,"href":"https:\/\/www.wsv-patersdorf.de\/wordpress\/wp-json\/wp\/v2\/tags?post=7277"}],"curies":[{"name":"wp","href":"https:\/\/api.w.org\/{rel}","templated":true}]}}